{"id":6621,"__str__":"Lei Ordin\u00e1ria n\u00ba 5.055, de 12 de agosto de 2019","link_detail_backend":"/norma/6621","metadata":{},"texto_integral":"http://sapl.uruguaiana.rs.leg.br/media/sapl/public/normajuridica/2019/6621/lei_no_5.055.pdf","numero":"5055","ano":2019,"esfera_federacao":"M","data":"2019-08-12","data_publicacao":"2019-08-15","veiculo_publicacao":"Jornal Di\u00e1rio da Fronteira","pagina_inicio_publicacao":null,"pagina_fim_publicacao":null,"ementa":"Institui a Semana Municipal de Conscientiza\u00e7\u00e3o da Doen\u00e7a de Alzheimer.","indexacao":"","observacao":"","complemento":false,"data_vigencia":null,"timestamp":"2019-09-03T11:57:26.516995-03:00","data_ultima_atualizacao":"2019-09-03T11:57:26.672994-03:00","ip":"179.216.86.223","ultima_edicao":null,"tipo":1,"materia":2484,"orgao":null,"user":44,"assuntos":[23,39],"autores":[]}