{"id":44413,"__str__":"Proposi\u00e7\u00e3o Verbal apresentada em Plen\u00e1rio n\u00ba 26 de 2023 | Proposi\u00e7\u00e3o arquivada | 04/01/2024","link_detail_backend":"/materia/tramitacao/44413","metadata":{},"timestamp":"2024-01-04T12:05:12.472830-03:00","data_tramitacao":"2024-01-04","data_encaminhamento":"2024-01-04","urgente":false,"turno":"","texto":"Arquivamento","data_fim_prazo":null,"ip":"177.10.65.53","ultima_edicao":"2024-01-04T12:05:02.051456-03:00","status":14,"materia":8094,"unidade_tramitacao_local":5,"unidade_tramitacao_destino":14,"user":38}