{"id":42758,"__str__":"Proposi\u00e7\u00e3o Verbal apresentada em Plen\u00e1rio n\u00ba 42 de 2023 | Proposi\u00e7\u00e3o arquivada | 06/12/2023","link_detail_backend":"/materia/tramitacao/42758","metadata":{},"timestamp":"2023-12-06T10:53:38.045355-03:00","data_tramitacao":"2023-12-06","data_encaminhamento":"2023-12-06","urgente":false,"turno":"","texto":"Arquivamento","data_fim_prazo":null,"ip":"186.222.245.195","ultima_edicao":"2023-12-06T10:53:21.158001-03:00","status":14,"materia":9238,"unidade_tramitacao_local":5,"unidade_tramitacao_destino":14,"user":38}