{"id":14855,"__str__":"Veto Total n\u00ba 2 de 2019 | Proposi\u00e7\u00e3o inclusa na Ordem do Dia | 02/03/2020","link_detail_backend":"/materia/tramitacao/14855","metadata":{},"timestamp":"2020-03-04T08:44:28.124089-03:00","data_tramitacao":"2020-03-02","data_encaminhamento":"2020-03-02","urgente":false,"turno":"","texto":"Em discuss\u00e3o e vota\u00e7\u00e3o \u00fanica.","data_fim_prazo":null,"ip":"131.221.192.38","ultima_edicao":null,"status":3,"materia":3239,"unidade_tramitacao_local":18,"unidade_tramitacao_destino":13,"user":38}