{"id":11502,"__str__":"Requerimento n\u00ba 243 de 2019 | Proposi\u00e7\u00e3o inclusa na Ordem do Dia | 30/07/2019","link_detail_backend":"/materia/tramitacao/11502","metadata":{},"timestamp":"2019-07-30T09:42:15.627056-03:00","data_tramitacao":"2019-07-30","data_encaminhamento":"2019-07-30","urgente":false,"turno":"","texto":"Inclu\u00edda para aprecia\u00e7\u00e3o na Ordem do Dia de 01.08.2019.","data_fim_prazo":"2019-08-01","ip":"131.221.194.2","ultima_edicao":null,"status":3,"materia":2707,"unidade_tramitacao_local":4,"unidade_tramitacao_destino":13,"user":51}