{"id":10798,"__str__":"Mo\u00e7\u00e3o n\u00ba 69 de 2019 | Proposi\u00e7\u00e3o inclusa na Ordem do Dia | 12/06/2019","link_detail_backend":"/materia/tramitacao/10798","metadata":{},"timestamp":"2019-06-12T11:46:13.164286-03:00","data_tramitacao":"2019-06-12","data_encaminhamento":"2019-06-12","urgente":false,"turno":"","texto":"Inclu\u00edda para aprecia\u00e7\u00e3o na Ordem do Dia de 13.06.2019.","data_fim_prazo":"2019-06-13","ip":"131.221.194.2","ultima_edicao":null,"status":3,"materia":2528,"unidade_tramitacao_local":4,"unidade_tramitacao_destino":13,"user":39}