{"id":946,"__str__":"Of\u00edcio n\u00ba 236 de 2017","link_detail_backend":"/materia/946","metadata":{},"numero":236,"ano":2017,"numero_protocolo":null,"data_apresentacao":"2017-11-27","tipo_apresentacao":"E","data_publicacao":null,"numero_origem_externa":"","ano_origem_externa":null,"data_origem_externa":null,"apelido":"","dias_prazo":null,"data_fim_prazo":null,"em_tramitacao":false,"polemica":false,"objeto":"","complementar":false,"ementa":"PROT. 1172/2017 - VER. JOS\u00c9 CLEMENTE INFORMA QUE RECEBEU CONVITE DA OAB SUBSE\u00c7\u00c3O URUGUAIANA PARA TRATAR ASSUNTOS RELACIONADOS \u00c0 SEGURAN\u00c7A P\u00daBLICA. DIA 28.11, \u00c0S 10H.","indexacao":"","observacao":"","resultado":"","texto_original":"http://sapl.uruguaiana.rs.leg.br/media/sapl/public/materialegislativa/2017/946/946_texto_integral.pdf","data_ultima_atualizacao":"2021-12-10T14:29:02.063179-03:00","ip":"","ultima_edicao":null,"tipo":9,"regime_tramitacao":1,"tipo_origem_externa":null,"local_origem_externa":null,"user":null,"anexadas":[],"autores":[28]}