{"id":8766,"__str__":"Proposi\u00e7\u00e3o Verbal apresentada em Plen\u00e1rio n\u00ba 39 de 2023","link_detail_backend":"/materia/8766","metadata":{},"numero":39,"ano":2023,"numero_protocolo":null,"data_apresentacao":"2023-09-26","tipo_apresentacao":"E","data_publicacao":"2023-09-26","numero_origem_externa":"","ano_origem_externa":null,"data_origem_externa":null,"apelido":"","dias_prazo":null,"data_fim_prazo":null,"em_tramitacao":false,"polemica":false,"objeto":"","complementar":false,"ementa":"Requer a designa\u00e7\u00e3o de Audi\u00eancia P\u00fablica para o dia 29 de setembro de 2023, \u00e0s 19 horas no Plen\u00e1rio da C\u00e2mara Municipal pela Comiss\u00e3o de Servi\u00e7os Municipais, Sa\u00fade, Educa\u00e7\u00e3o, Desenvolvimento Econ\u00f4mico, Seguran\u00e7a P\u00fablica e Mercosul, para discuss\u00e3o do tema: \u201cPiso Nacional do Enfermeiro, do T\u00e9cnico de Enfermagem, do Auxiliar de Enfermagem e da Parteira, regulados pela Lei Federal n\u00ba 14.434/2022","indexacao":"","observacao":"Protocolo n\u00ba 2001/2023/LEG","resultado":"","texto_original":"http://sapl.uruguaiana.rs.leg.br/media/sapl/public/materialegislativa/2023/8766/reqverb39_23.doc","data_ultima_atualizacao":"2023-12-06T10:21:22.873607-03:00","ip":"177.10.65.58","ultima_edicao":"2023-09-26T11:45:35.712307-03:00","tipo":20,"regime_tramitacao":1,"tipo_origem_externa":null,"local_origem_externa":null,"user":51,"anexadas":[],"autores":[28]}