{"id":2056,"__str__":"Requerimento n\u00ba 36 de 2019","link_detail_backend":"/materia/2056","metadata":{},"numero":36,"ano":2019,"numero_protocolo":null,"data_apresentacao":"2019-02-21","tipo_apresentacao":"E","data_publicacao":null,"numero_origem_externa":"","ano_origem_externa":null,"data_origem_externa":null,"apelido":"","dias_prazo":null,"data_fim_prazo":null,"em_tramitacao":false,"polemica":null,"objeto":"","complementar":null,"ementa":"Requer manuten\u00e7\u00e3o em parte da Pra\u00e7a da Esplanada.","indexacao":"","observacao":"Protocolo 096/2019/LEG.","resultado":"","texto_original":"http://sapl.uruguaiana.rs.leg.br/media/sapl/public/materialegislativa/2019/2056/req36.doc","data_ultima_atualizacao":"2021-12-29T11:50:04.212115-03:00","ip":"","ultima_edicao":null,"tipo":3,"regime_tramitacao":1,"tipo_origem_externa":null,"local_origem_externa":null,"user":null,"anexadas":[],"autores":[10]}