{"id":17012,"__str__":"Requerimento n\u00ba 496 de 2026","link_detail_backend":"/materia/17012","metadata":{"signs":{"texto_original":{"admin":[],"autores":[["Luis Fernando Peres dos Santos",["2026-03-26T09:33:05-03:00","Gov-Br"]]]}}},"numero":496,"ano":2026,"numero_protocolo":null,"data_apresentacao":"2026-03-26","tipo_apresentacao":"E","data_publicacao":"2026-03-26","numero_origem_externa":"","ano_origem_externa":null,"data_origem_externa":null,"apelido":"","dias_prazo":null,"data_fim_prazo":null,"em_tramitacao":false,"polemica":false,"objeto":"","complementar":false,"ementa":"Requer a substitui\u00e7\u00e3o da ilumina\u00e7\u00e3o p\u00fablica e a revitaliza\u00e7\u00e3o da Rua Jo\u00e3o Mendes de Assis, no bairro Cidade Nova.","indexacao":"","observacao":"","resultado":"","texto_original":"http://sapl.uruguaiana.rs.leg.br/media/sapl/public/materialegislativa/2026/17012/req496_26.pdf","data_ultima_atualizacao":"2026-04-28T16:01:26.156070-03:00","ip":"200.225.198.133","ultima_edicao":"2026-03-26T11:22:47.563828-03:00","tipo":3,"regime_tramitacao":1,"tipo_origem_externa":null,"local_origem_externa":null,"user":41,"anexadas":[],"autores":[141]}