{"id":14800,"__str__":"Requerimento n\u00ba 1270 de 2025","link_detail_backend":"/materia/14800","metadata":{"signs":{"texto_original":{"admin":[],"autores":[["Luis Fernando Peres dos Santos",["2025-09-19T10:31:26-03:00","Gov-Br"]]]}}},"numero":1270,"ano":2025,"numero_protocolo":null,"data_apresentacao":"2025-09-19","tipo_apresentacao":"E","data_publicacao":"2025-09-19","numero_origem_externa":"","ano_origem_externa":null,"data_origem_externa":null,"apelido":"","dias_prazo":null,"data_fim_prazo":null,"em_tramitacao":false,"polemica":false,"objeto":"","complementar":false,"ementa":"Requer informa\u00e7\u00f5es \u00e0 Secretaria Municipal de Sa\u00fade acerca das a\u00e7\u00f5es de combate ao mosquito Aedes aegypti e dos \u00edndices de infesta\u00e7\u00e3o registrados em Uruguaiana.","indexacao":"","observacao":"","resultado":"","texto_original":"http://sapl.uruguaiana.rs.leg.br/media/sapl/public/materialegislativa/2025/14800/req1270_25.pdf","data_ultima_atualizacao":"2025-11-17T17:06:17.962514-03:00","ip":"200.225.198.133","ultima_edicao":"2025-09-19T13:32:26.046992-03:00","tipo":3,"regime_tramitacao":1,"tipo_origem_externa":null,"local_origem_externa":null,"user":41,"anexadas":[15517],"autores":[141]}