{"id":14504,"__str__":"Requerimento n\u00ba 1121 de 2025","link_detail_backend":"/materia/14504","metadata":{"signs":{"texto_original":{"admin":[],"autores":[["Luis Fernando Peres dos Santos",["2025-08-29T11:06:07-03:00","Gov-Br"]]]}}},"numero":1121,"ano":2025,"numero_protocolo":null,"data_apresentacao":"2025-09-01","tipo_apresentacao":"E","data_publicacao":"2025-08-29","numero_origem_externa":"","ano_origem_externa":null,"data_origem_externa":null,"apelido":"","dias_prazo":null,"data_fim_prazo":null,"em_tramitacao":false,"polemica":false,"objeto":"","complementar":false,"ementa":"Requer informa\u00e7\u00f5es ao Poder Executivo Municipal, por meio da Secretaria de Sa\u00fade, acerca da estrutura de servi\u00e7os, equipe multiprofissional e planejamento da Policl\u00ednica Infantil de Uruguaiana.","indexacao":"","observacao":"","resultado":"","texto_original":"http://sapl.uruguaiana.rs.leg.br/media/sapl/public/materialegislativa/2025/14504/req1121_25.pdf","data_ultima_atualizacao":"2025-09-03T11:46:43.099532-03:00","ip":"200.225.198.133","ultima_edicao":"2025-09-01T08:49:00.466009-03:00","tipo":3,"regime_tramitacao":1,"tipo_origem_externa":null,"local_origem_externa":null,"user":41,"anexadas":[],"autores":[141]}