{"id":13360,"__str__":"Requerimento n\u00ba 697 de 2025","link_detail_backend":"/materia/13360","metadata":{"signs":{"texto_original":{"admin":[],"autores":[["Paulo Roberto Inda Kleinubing",["2025-06-03T12:58:34-03:00","Gov-Br"]]]}}},"numero":697,"ano":2025,"numero_protocolo":null,"data_apresentacao":"2025-06-03","tipo_apresentacao":"E","data_publicacao":"2025-06-03","numero_origem_externa":"","ano_origem_externa":null,"data_origem_externa":null,"apelido":"","dias_prazo":null,"data_fim_prazo":null,"em_tramitacao":false,"polemica":false,"objeto":"","complementar":false,"ementa":"Reitera o pedido de restabelecimento de ilumina\u00e7\u00e3o p\u00fablica na Rua General Prop\u00edcio, n\u00b0 3145, quase esquina com a Rua Flores da Cunha, Bairro Mascarenhas de Moraes, em Uruguaiana/RS.","indexacao":"","observacao":"","resultado":"","texto_original":"http://sapl.uruguaiana.rs.leg.br/media/sapl/public/materialegislativa/2025/13360/req697_25.pdf","data_ultima_atualizacao":"2025-06-13T15:35:52.210948-03:00","ip":"200.225.198.133","ultima_edicao":"2025-06-03T13:13:56.421339-03:00","tipo":3,"regime_tramitacao":1,"tipo_origem_externa":null,"local_origem_externa":null,"user":41,"anexadas":[13911,16018],"autores":[84]}