{"id":13118,"__str__":"Requerimento n\u00ba 602 de 2025","link_detail_backend":"/materia/13118","metadata":{"signs":{"texto_original":{"admin":[],"autores":[["Luis Fernando Peres dos Santos",["2025-05-19T10:53:10-03:00","Gov-Br"]]]}}},"numero":602,"ano":2025,"numero_protocolo":null,"data_apresentacao":"2025-05-19","tipo_apresentacao":"E","data_publicacao":"2025-05-19","numero_origem_externa":"","ano_origem_externa":null,"data_origem_externa":null,"apelido":"","dias_prazo":null,"data_fim_prazo":null,"em_tramitacao":false,"polemica":false,"objeto":"","complementar":false,"ementa":"Requer a normaliza\u00e7\u00e3o dos atendimentos de fonoaudiologia na Policl\u00ednica Infantil, com prioridade para as crian\u00e7as com diagn\u00f3stico de autismo.","indexacao":"","observacao":"","resultado":"","texto_original":"http://sapl.uruguaiana.rs.leg.br/media/sapl/public/materialegislativa/2025/13118/req602_25.pdf","data_ultima_atualizacao":"2025-06-04T16:59:35.124015-03:00","ip":"131.221.195.40","ultima_edicao":"2025-05-19T11:17:31.488032-03:00","tipo":3,"regime_tramitacao":1,"tipo_origem_externa":null,"local_origem_externa":null,"user":41,"anexadas":[13500],"autores":[141]}