{"id":11693,"__str__":"Indica\u00e7\u00e3o n\u00ba 3 de 2025","link_detail_backend":"/materia/11693","metadata":{},"numero":3,"ano":2025,"numero_protocolo":null,"data_apresentacao":"2025-01-14","tipo_apresentacao":"E","data_publicacao":"2025-01-14","numero_origem_externa":"","ano_origem_externa":null,"data_origem_externa":null,"apelido":"","dias_prazo":null,"data_fim_prazo":null,"em_tramitacao":false,"polemica":false,"objeto":"","complementar":false,"ementa":"Contrata\u00e7\u00e3o de Veterin\u00e1rios na Secretaria do Meio Ambiente SEMAS, o chamamento p\u00fablico para a contrata\u00e7\u00e3o urgente de dois profissionais veterin\u00e1rios especializados em pequeno e grande porte, se faz necess\u00e1rio diante da crescente demanda por servi\u00e7os veterin\u00e1rios relacionados \u00e0 sa\u00fade e bem-estar dos animais, e considerando a import\u00e2ncia da atua\u00e7\u00e3o da Secretaria do Meio Ambiente.","indexacao":"","observacao":"Protocolo n\u00ba000042/LEG/2025","resultado":"","texto_original":"http://sapl.uruguaiana.rs.leg.br/media/sapl/public/materialegislativa/2025/11693/ind3-25.doc","data_ultima_atualizacao":"2025-01-20T10:04:28.823613-03:00","ip":"200.225.198.133","ultima_edicao":"2025-01-14T12:23:12.595013-03:00","tipo":8,"regime_tramitacao":1,"tipo_origem_externa":null,"local_origem_externa":null,"user":87,"anexadas":[],"autores":[83]}