{"id":10515,"__str__":"Parecer de Comiss\u00e3o de Justi\u00e7a e Reda\u00e7\u00e3o n\u00ba 1 de 2024","link_detail_backend":"/materia/10515","metadata":{},"numero":1,"ano":2024,"numero_protocolo":null,"data_apresentacao":"2024-04-29","tipo_apresentacao":"E","data_publicacao":"2024-04-29","numero_origem_externa":"","ano_origem_externa":null,"data_origem_externa":null,"apelido":"","dias_prazo":null,"data_fim_prazo":null,"em_tramitacao":false,"polemica":false,"objeto":"","complementar":false,"ementa":"Parecer DESFAVOR\u00c1VEL ao PL 28/2024 que \u00a8Estabelece que o laudo m\u00e9dico que atesta: o Diabetes Mellitus tipo 1(DM1) tenha prazo de validade indeterminado, no \u00e2mbito do munic\u00edpio de Uruguaiana\u00a8.","indexacao":"","observacao":"Protocolo n\u00ba0686/2024/LEG","resultado":"","texto_original":"http://sapl.uruguaiana.rs.leg.br/media/sapl/public/materialegislativa/2024/10515/parec1_24.pdf","data_ultima_atualizacao":"2024-05-02T10:44:21.895057-03:00","ip":"177.10.65.50","ultima_edicao":"2024-04-30T11:21:16.722514-03:00","tipo":17,"regime_tramitacao":1,"tipo_origem_externa":null,"local_origem_externa":null,"user":38,"anexadas":[],"autores":[16]}