{"id":326,"__str__":"Principal: Proposi\u00e7\u00e3o Verbal apresentada em Plen\u00e1rio n\u00ba 11 de 2021 - Anexada: Of\u00edcio n\u00ba 85 de 2021","link_detail_backend":"/materia/anexada/326","metadata":{},"data_anexacao":"2021-06-07","data_desanexacao":null,"materia_principal":4435,"materia_anexada":4599}