{"id":223,"__str__":"Principal: Proposi\u00e7\u00e3o Verbal apresentada em Plen\u00e1rio n\u00ba 40 de 2020 - Anexada: E-mail recebido n\u00ba 22 de 2020","link_detail_backend":"/materia/anexada/223","metadata":{},"data_anexacao":"2020-12-09","data_desanexacao":null,"materia_principal":3782,"materia_anexada":3969}